{"id":8971,"date":"2017-04-22T22:04:01","date_gmt":"2017-04-23T03:04:01","guid":{"rendered":"http:\/\/www.utzac.edu.mx\/?p=8971"},"modified":"2017-04-22T22:04:01","modified_gmt":"2017-04-23T03:04:01","slug":"en-marcha-programa-extensionismo-joven-dirigido-a-estudiantes-del-pais","status":"publish","type":"post","link":"https:\/\/www.utzac.edu.mx\/?p=8971","title":{"rendered":"En marcha \u201cPrograma Extensionismo Joven\u201d, dirigido a estudiantes del pa\u00eds"},"content":{"rendered":"<h3>\u00abJuntos hacemos la fuerza y diferencia, con una nueva generaci\u00f3n de mexicanos al servicio del campo\u00bb: Jos\u00e9 Calzada.<\/h3>\n<p>&nbsp;<\/p>\n<p>Como parte de la iniciativa del Gobierno de la Rep\u00fablica para impulsar la productividad en el campo mexicano, se puso en marcha el \u201cPrograma Extensionismo Joven\u201d, dirigido a estudiantes de los niveles medio superior y superior, mediante becas de capacitaci\u00f3n para el desarrollo de proyectos productivos agroalimentarios.<\/p>\n<p>En la ceremonia de arranque nacional de este programa, el secretario de Agricultura, Ganader\u00eda, Desarrollo Rural, Pesca y Alimentaci\u00f3n (SAGARPA), Jos\u00e9 Calzada Rovirosa, asegur\u00f3 que ante los nuevos retos y oportunidades en el sector agroalimentario, M\u00e9xico se prepara con un ej\u00e9rcito de j\u00f3venes extensionistas para hacer del campo un espacio de oportunidades y crecimiento econ\u00f3mico.<\/p>\n<p>\u00abJuntos y unidos hacemos la fuerza y la diferencia en un sector que le da buenas noticias al pa\u00eds y que est\u00e1 bien colocado en la cancha, por ello esta iniciativa de preparar una nueva generaci\u00f3n de j\u00f3venes mexicanos\u00bb, asever\u00f3.<\/p>\n<p>Tras entregar\u00a0 becas y reconocimientos a extensionistas, el titular de la SAGARPA afirm\u00f3 que es momento de mandar un mensaje fuerte sobre la importancia del sector en el entorno mundial, y una manera de conservar esta tendencia de crecimiento es mantener la semilla y el capital humano en el campo, que es origen del pa\u00eds.<\/p>\n<p>Por su parte, el gobernador de Guanajuato, Miguel M\u00e1rquez M\u00e1rquez, resalt\u00f3 la importancia del proyecto porque el campo es el presente y futuro de M\u00e9xico, as\u00ed como un espacio de oportunidad para el progreso y bienestar de las familias rurales del pa\u00eds.<\/p>\n<p>En la ceremonia, realizada en el Instituto Tecnol\u00f3gico De Roque -con m\u00e1s de 92 a\u00f1os de impulsar la educaci\u00f3n en actividades agr\u00edcolas, la subsecretaria de Desarrollo Rural, Mely Romero Celis, indic\u00f3 que en el pa\u00eds hay 30 millones de j\u00f3venes, de los cuales s\u00f3lo 700 mil trabajan en el sector agroalimentario, por lo que es significativo fomentar el arraigo en el sector primario.<\/p>\n<p>A su vez, el director general del Tecnol\u00f3gico Nacional de M\u00e9xico, Manuel Quintero Quintero, puntualiz\u00f3 que en esta alianza con el sector educativo, el proyecto da inicio con cuatro mil 500 alumnos de 32 tecnol\u00f3gicos con vocaci\u00f3n agropecuaria y pesquera en el pa\u00eds.<\/p>\n<p>Con relaci\u00f3n al Programa Extensionismo Joven, en su primera etapa se canalizar\u00e1n cerca de 76 millones de pesos, en beneficio de 12 mil 354 j\u00f3venes de bachilleratos tecnol\u00f3gicos y universitarios, con la finalidad de desarrollar las capacidades de los peque\u00f1os productores y estudiantes, mediante incentivos que faciliten su participaci\u00f3n en el desarrollo de las comunidades rurales.<\/p>\n<p>En una siguiente etapa, en el segundo semestre de 2017, se incorporar\u00e1n m\u00e1s j\u00f3venes interesados en ser impulsores del desarrollo rural, con la encomienda de fortalecer los v\u00ednculos de los j\u00f3venes con el campo y sus oportunidades, adem\u00e1s de ratificar que el sector primario es una opci\u00f3n viable de crecimiento y desarrollo para la sociedad mexicana.<\/p>\n<p>&nbsp;<\/p>\n<div><i>\u201cEste programa es p\u00fablico, ajeno a cualquier partido pol\u00edtico. Queda pr<b><\/b><\/i><\/p>\n<div>ohibido el uso para fines distintos a los establecidos en el\u00a0<i>programa\u201d.<\/i><\/div>\n<div><\/div>\n<\/div>\n<p>&nbsp;<\/p>\n","protected":false},"excerpt":{"rendered":"<p>\u00abJuntos hacemos la fuerza y diferencia, con una nueva generaci\u00f3n de mexicanos al servicio del campo\u00bb: Jos\u00e9 Calzada. &nbsp; Como parte de la iniciativa del Gobierno de la Rep\u00fablica para impulsar la productividad en el campo mexicano, se puso en marcha el \u201cPrograma Extensionismo Joven\u201d, dirigido a estudiantes de los niveles medio superior y superior, [&hellip;]<\/p>\n","protected":false},"author":8,"featured_media":8972,"comment_status":"closed","ping_status":"open","sticky":false,"template":"","format":"standard","meta":[],"categories":[158,154,155,161,168],"tags":[],"_links":{"self":[{"href":"https:\/\/www.utzac.edu.mx\/index.php?rest_route=\/wp\/v2\/posts\/8971"}],"collection":[{"href":"https:\/\/www.utzac.edu.mx\/index.php?rest_route=\/wp\/v2\/posts"}],"about":[{"href":"https:\/\/www.utzac.edu.mx\/index.php?rest_route=\/wp\/v2\/types\/post"}],"author":[{"embeddable":true,"href":"https:\/\/www.utzac.edu.mx\/index.php?rest_route=\/wp\/v2\/users\/8"}],"replies":[{"embeddable":true,"href":"https:\/\/www.utzac.edu.mx\/index.php?rest_route=%2Fwp%2Fv2%2Fcomments&post=8971"}],"version-history":[{"count":0,"href":"https:\/\/www.utzac.edu.mx\/index.php?rest_route=\/wp\/v2\/posts\/8971\/revisions"}],"wp:featuredmedia":[{"embeddable":true,"href":"https:\/\/www.utzac.edu.mx\/index.php?rest_route=\/wp\/v2\/media\/8972"}],"wp:attachment":[{"href":"https:\/\/www.utzac.edu.mx\/index.php?rest_route=%2Fwp%2Fv2%2Fmedia&parent=8971"}],"wp:term":[{"taxonomy":"category","embeddable":true,"href":"https:\/\/www.utzac.edu.mx\/index.php?rest_route=%2Fwp%2Fv2%2Fcategories&post=8971"},{"taxonomy":"post_tag","embeddable":true,"href":"https:\/\/www.utzac.edu.mx\/index.php?rest_route=%2Fwp%2Fv2%2Ftags&post=8971"}],"curies":[{"name":"wp","href":"https:\/\/api.w.org\/{rel}","templated":true}]}}