{"id":8591,"date":"2016-06-23T11:28:04","date_gmt":"2016-06-23T16:28:04","guid":{"rendered":"http:\/\/www.utzac.edu.mx\/?p=8591"},"modified":"2016-06-23T11:28:04","modified_gmt":"2016-06-23T16:28:04","slug":"conmemoracion-del-102-aniversario-de-la-%e2%80%aa%e2%80%8etoma-de-zacatecas%e2%80%ac","status":"publish","type":"post","link":"https:\/\/www.utzac.edu.mx\/?p=8591","title":{"rendered":"Conmemoraci\u00f3n del 102 aniversario de la \u202a\u200eToma de Zacatecas\u202c"},"content":{"rendered":"<div id=\"js_am\" class=\"_5pbx userContent\" data-ft=\"{&quot;tn&quot;:&quot;K&quot;}\">\n<p>Guadalupe, Zacatecas.- Hoy por la ma\u00f1ana se realizo el Izamiento de la Bandera, en conmemoraci\u00f3n del 102 aniversario de la\u00a0<a class=\"_58cn\" href=\"https:\/\/www.facebook.com\/hashtag\/tomadezacatecas?source=feed_text&amp;story_id=578124245702470\" data-ft=\"{&quot;tn&quot;:&quot;*N&quot;,&quot;type&quot;:104}\"><span class=\"_58cl\">\u202a <\/span><span class=\"_58cm\">Toma de Zacateca<\/span><\/a>s.<br \/>\nLa Toma de Zacatecas marca una etapa decisiva de la Historia de M\u00e9xico por singular la ca\u00edda de un r\u00e9gimen dictatorial. La batalla inici\u00f3 el 23 de junio de 1914 a las 10 de la ma\u00f1ana con un ataque de la Divisi\u00f3n del Norte a los cerros de la Bufa y el Grillo.<\/p>\n<div id=\"su_slider_69f4128dab387\" class=\"su-slider su-slider-centered su-slider-pages-yes su-slider-responsive-yes\" style=\"width:100%\" data-autoplay=\"3000\" data-speed=\"600\" data-mousewheel=\"true\"><div class=\"su-slider-slides\"><div class=\"su-slider-slide\"><a><img src=\"https:\/\/www.utzac.edu.mx\/wp-content\/uploads\/2016\/06\/DSC0002-600x460.jpg\" alt=\"SONY DSC\" \/><span class=\"su-slider-slide-title\">SONY DSC<\/span><\/a><\/div><div class=\"su-slider-slide\"><a><img src=\"https:\/\/www.utzac.edu.mx\/wp-content\/uploads\/2016\/06\/DSC0004-600x460.jpg\" alt=\"SONY DSC\" \/><span class=\"su-slider-slide-title\">SONY DSC<\/span><\/a><\/div><div class=\"su-slider-slide\"><a><img src=\"https:\/\/www.utzac.edu.mx\/wp-content\/uploads\/2016\/06\/DSC0009-600x460.jpg\" alt=\"SONY DSC\" \/><span class=\"su-slider-slide-title\">SONY DSC<\/span><\/a><\/div><div class=\"su-slider-slide\"><a><img src=\"https:\/\/www.utzac.edu.mx\/wp-content\/uploads\/2016\/06\/DSC0014-600x460.jpg\" alt=\"SONY DSC\" \/><span class=\"su-slider-slide-title\">SONY DSC<\/span><\/a><\/div><div class=\"su-slider-slide\"><a><img src=\"https:\/\/www.utzac.edu.mx\/wp-content\/uploads\/2016\/06\/DSC0017-600x460.jpg\" alt=\"SONY DSC\" \/><span class=\"su-slider-slide-title\">SONY DSC<\/span><\/a><\/div><div class=\"su-slider-slide\"><a><img src=\"https:\/\/www.utzac.edu.mx\/wp-content\/uploads\/2016\/06\/DSC00201-600x460.jpg\" alt=\"SONY DSC\" \/><span class=\"su-slider-slide-title\">SONY DSC<\/span><\/a><\/div><div class=\"su-slider-slide\"><a><img src=\"https:\/\/www.utzac.edu.mx\/wp-content\/uploads\/2016\/06\/DSC0024-600x460.jpg\" alt=\"SONY DSC\" \/><span class=\"su-slider-slide-title\">SONY DSC<\/span><\/a><\/div><div class=\"su-slider-slide\"><a><img src=\"https:\/\/www.utzac.edu.mx\/wp-content\/uploads\/2016\/06\/DSC0025-600x460.jpg\" alt=\"SONY DSC\" \/><span class=\"su-slider-slide-title\">SONY DSC<\/span><\/a><\/div><div class=\"su-slider-slide\"><a><img src=\"https:\/\/www.utzac.edu.mx\/wp-content\/uploads\/2016\/06\/DSC0031-600x460.jpg\" alt=\"SONY DSC\" \/><span class=\"su-slider-slide-title\">SONY DSC<\/span><\/a><\/div><\/div><div class=\"su-slider-nav\"><div class=\"su-slider-direction\"><span class=\"su-slider-prev\"><\/span><span class=\"su-slider-next\"><\/span><\/div><div class=\"su-slider-pagination\"><\/div><\/div><\/div>\n<\/div>\n<div class=\"_3x-2\"><\/div>\n","protected":false},"excerpt":{"rendered":"<p>Guadalupe, Zacatecas.- Hoy por la ma\u00f1ana se realizo el Izamiento de la Bandera, en conmemoraci\u00f3n del 102 aniversario de la\u00a0\u202a Toma de Zacatecas. La Toma de Zacatecas marca una etapa decisiva de la Historia de M\u00e9xico por singular la ca\u00edda de un r\u00e9gimen dictatorial. La batalla inici\u00f3 el 23 de junio de 1914 a las [&hellip;]<\/p>\n","protected":false},"author":8,"featured_media":8592,"comment_status":"closed","ping_status":"open","sticky":false,"template":"","format":"standard","meta":[],"categories":[154],"tags":[],"_links":{"self":[{"href":"https:\/\/www.utzac.edu.mx\/index.php?rest_route=\/wp\/v2\/posts\/8591"}],"collection":[{"href":"https:\/\/www.utzac.edu.mx\/index.php?rest_route=\/wp\/v2\/posts"}],"about":[{"href":"https:\/\/www.utzac.edu.mx\/index.php?rest_route=\/wp\/v2\/types\/post"}],"author":[{"embeddable":true,"href":"https:\/\/www.utzac.edu.mx\/index.php?rest_route=\/wp\/v2\/users\/8"}],"replies":[{"embeddable":true,"href":"https:\/\/www.utzac.edu.mx\/index.php?rest_route=%2Fwp%2Fv2%2Fcomments&post=8591"}],"version-history":[{"count":0,"href":"https:\/\/www.utzac.edu.mx\/index.php?rest_route=\/wp\/v2\/posts\/8591\/revisions"}],"wp:featuredmedia":[{"embeddable":true,"href":"https:\/\/www.utzac.edu.mx\/index.php?rest_route=\/wp\/v2\/media\/8592"}],"wp:attachment":[{"href":"https:\/\/www.utzac.edu.mx\/index.php?rest_route=%2Fwp%2Fv2%2Fmedia&parent=8591"}],"wp:term":[{"taxonomy":"category","embeddable":true,"href":"https:\/\/www.utzac.edu.mx\/index.php?rest_route=%2Fwp%2Fv2%2Fcategories&post=8591"},{"taxonomy":"post_tag","embeddable":true,"href":"https:\/\/www.utzac.edu.mx\/index.php?rest_route=%2Fwp%2Fv2%2Ftags&post=8591"}],"curies":[{"name":"wp","href":"https:\/\/api.w.org\/{rel}","templated":true}]}}