{"id":7330,"date":"2015-11-20T12:48:59","date_gmt":"2015-11-20T18:48:59","guid":{"rendered":"http:\/\/www.utzac.edu.mx\/?p=7330"},"modified":"2015-11-20T12:48:59","modified_gmt":"2015-11-20T18:48:59","slug":"participacion-de-la-utzac-en-feria-vocacional-imap-2015","status":"publish","type":"post","link":"https:\/\/www.utzac.edu.mx\/?p=7330","title":{"rendered":"Participaci\u00f3n de la UTZAC en Feria Vocacional IMAP 2015"},"content":{"rendered":"<p>Guadalupe, Zacatecas.- Hoy por la ma\u00f1ana la Universidad Tecnol\u00f3gica del Estado de Zacatecas participo en la Feria Vocacional IMAP 2015, en la cual el\u00a0Dr. H\u00e9ctor Dur\u00e1n profesor del cuerpo acad\u00e9mico de la Carrera de Tecnolog\u00edas de la Informaci\u00f3n y Comunicaci\u00f3n \u00a0imparti\u00f3 el taller de Rob\u00f3tica, Aplicaci\u00f3n de la Mec\u00e1nica.<\/p>\n<div id=\"su_slider_69f453f545cd2\" class=\"su-slider su-slider-centered su-slider-pages-yes su-slider-responsive-yes\" style=\"width:100%\" data-autoplay=\"3000\" data-speed=\"600\" data-mousewheel=\"true\"><div class=\"su-slider-slides\"><div class=\"su-slider-slide\"><a><img src=\"https:\/\/www.utzac.edu.mx\/wp-content\/uploads\/2015\/11\/20151120_111918-700x460.jpg\" alt=\"Taller de Rob\u00f3tica\" \/><span class=\"su-slider-slide-title\">Taller de Rob\u00f3tica<\/span><\/a><\/div><div class=\"su-slider-slide\"><a><img src=\"https:\/\/www.utzac.edu.mx\/wp-content\/uploads\/2015\/11\/20151120_111853-700x460.jpg\" alt=\"Feria Vocacional\" \/><span class=\"su-slider-slide-title\">Feria Vocacional<\/span><\/a><\/div><div class=\"su-slider-slide\"><a><img src=\"https:\/\/www.utzac.edu.mx\/wp-content\/uploads\/2015\/11\/20151120_110532-1-700x460.jpg\" alt=\"UTZAC\" \/><span class=\"su-slider-slide-title\">UTZAC<\/span><\/a><\/div><\/div><div class=\"su-slider-nav\"><div class=\"su-slider-direction\"><span class=\"su-slider-prev\"><\/span><span class=\"su-slider-next\"><\/span><\/div><div class=\"su-slider-pagination\"><\/div><\/div><\/div>\n","protected":false},"excerpt":{"rendered":"<p>Guadalupe, Zacatecas.- Hoy por la ma\u00f1ana la Universidad Tecnol\u00f3gica del Estado de Zacatecas participo en la Feria Vocacional IMAP 2015, en la cual el\u00a0Dr. H\u00e9ctor Dur\u00e1n profesor del cuerpo acad\u00e9mico de la Carrera de Tecnolog\u00edas de la Informaci\u00f3n y Comunicaci\u00f3n \u00a0imparti\u00f3 el taller de Rob\u00f3tica, Aplicaci\u00f3n de la Mec\u00e1nica.<\/p>\n","protected":false},"author":8,"featured_media":7333,"comment_status":"closed","ping_status":"open","sticky":false,"template":"","format":"standard","meta":[],"categories":[154],"tags":[],"_links":{"self":[{"href":"https:\/\/www.utzac.edu.mx\/index.php?rest_route=\/wp\/v2\/posts\/7330"}],"collection":[{"href":"https:\/\/www.utzac.edu.mx\/index.php?rest_route=\/wp\/v2\/posts"}],"about":[{"href":"https:\/\/www.utzac.edu.mx\/index.php?rest_route=\/wp\/v2\/types\/post"}],"author":[{"embeddable":true,"href":"https:\/\/www.utzac.edu.mx\/index.php?rest_route=\/wp\/v2\/users\/8"}],"replies":[{"embeddable":true,"href":"https:\/\/www.utzac.edu.mx\/index.php?rest_route=%2Fwp%2Fv2%2Fcomments&post=7330"}],"version-history":[{"count":0,"href":"https:\/\/www.utzac.edu.mx\/index.php?rest_route=\/wp\/v2\/posts\/7330\/revisions"}],"wp:featuredmedia":[{"embeddable":true,"href":"https:\/\/www.utzac.edu.mx\/index.php?rest_route=\/wp\/v2\/media\/7333"}],"wp:attachment":[{"href":"https:\/\/www.utzac.edu.mx\/index.php?rest_route=%2Fwp%2Fv2%2Fmedia&parent=7330"}],"wp:term":[{"taxonomy":"category","embeddable":true,"href":"https:\/\/www.utzac.edu.mx\/index.php?rest_route=%2Fwp%2Fv2%2Fcategories&post=7330"},{"taxonomy":"post_tag","embeddable":true,"href":"https:\/\/www.utzac.edu.mx\/index.php?rest_route=%2Fwp%2Fv2%2Ftags&post=7330"}],"curies":[{"name":"wp","href":"https:\/\/api.w.org\/{rel}","templated":true}]}}