{"id":12906,"date":"2022-05-03T16:07:11","date_gmt":"2022-05-03T21:07:11","guid":{"rendered":"http:\/\/www.utzac.edu.mx\/?p=12906"},"modified":"2022-05-03T16:16:44","modified_gmt":"2022-05-03T21:16:44","slug":"convocatoria-juventudes-por-la-pacificacion-2022","status":"publish","type":"post","link":"https:\/\/www.utzac.edu.mx\/?p=12906","title":{"rendered":"CONVOCATORIA JUVENTUDES POR LA PACIFICACI\u00d3N 2022"},"content":{"rendered":"<p style=\"text-align: justify;\">La Secretar\u00eda de Seguridad y Protecci\u00f3n Ciudadana, a trav\u00e9s de la Unidad de Prevenci\u00f3n de la Violencia y el Delito, en colaboraci\u00f3n con el Programa de las Naciones Unidas para el Desarrollo (PNUD), Organismo Internacional de Juventud para Iberoam\u00e9rica (OIJ), Fondo de Poblaci\u00f3n de las Naciones Unidas M\u00e9xico, Fundaci\u00f3n Friedrich Ebert &#8211; M\u00e9xico y el\u00a0Instituto Mexicano de la Juventud (IMJUVE), invitan a participar en la convocatoria #JuventudesXLaPacificaci\u00f3n.<u><\/u><u><\/u><\/p>\n<p>\u00a0<u><\/u><u><\/u>Requisitos:<u><\/u><u><\/u><\/p>\n<p>\u00a0<u><\/u><u><\/u>\u00b7\u00a0 \u00a0 \u00a0 \u00a0 Tener entre 15 y 29 a\u00f1os de edad<u><\/u><u><\/u><\/p>\n<p>\u00b7\u00a0\u00a0\u00a0\u00a0\u00a0\u00a0\u00a0\u00a0\u00a0Nacionalidad mexicana<u><\/u><u><\/u><\/p>\n<p>\u00b7\u00a0\u00a0\u00a0\u00a0\u00a0\u00a0\u00a0\u00a0\u00a0Registrarse en:\u00a0<a href=\"https:\/\/bit.ly\/3vgJe4r\" target=\"_blank\" rel=\"noopener\" data-saferedirecturl=\"https:\/\/www.google.com\/url?q=https:\/\/bit.ly\/3vgJe4r&amp;source=gmail&amp;ust=1651695424645000&amp;usg=AOvVaw1IZZK6G_gLclXWPG0EYqGA\">https:\/\/bit.ly\/3vgJe4r<\/a><u><\/u><u><\/u><\/p>\n<p style=\"text-align: justify;\">Convocatoria<u><\/u><u><\/u><\/p>\n<div class=\"su-document su-u-responsive-media-yes\"><iframe src=\"\/\/docs.google.com\/viewer?embedded=true&url=https:\/\/www.utzac.edu.mx\/wp-content\/uploads\/2022\/05\/Convocatoria_Extendida_2.0.pdf\" width=\"600\" height=\"400\" class=\"su-document\" title=\"\"><\/iframe><\/div>\n<p>&nbsp;<\/p>\n<p style=\"text-align: justify;\">\u00a0<u><\/u><u><\/u><b><\/b><\/p>\n<p>&nbsp;<\/p>","protected":false},"excerpt":{"rendered":"<p>La Secretar\u00eda de Seguridad y Protecci\u00f3n Ciudadana, a trav\u00e9s de la Unidad de Prevenci\u00f3n de la Violencia y el Delito, en colaboraci\u00f3n con el Programa de las Naciones Unidas para el Desarrollo (PNUD), Organismo Internacional de Juventud para Iberoam\u00e9rica (OIJ), Fondo de Poblaci\u00f3n de las Naciones Unidas M\u00e9xico, Fundaci\u00f3n Friedrich Ebert &#8211; M\u00e9xico y el\u00a0Instituto [&hellip;]<\/p>\n","protected":false},"author":8,"featured_media":12907,"comment_status":"closed","ping_status":"open","sticky":false,"template":"","format":"standard","meta":[],"categories":[154],"tags":[],"_links":{"self":[{"href":"https:\/\/www.utzac.edu.mx\/index.php?rest_route=\/wp\/v2\/posts\/12906"}],"collection":[{"href":"https:\/\/www.utzac.edu.mx\/index.php?rest_route=\/wp\/v2\/posts"}],"about":[{"href":"https:\/\/www.utzac.edu.mx\/index.php?rest_route=\/wp\/v2\/types\/post"}],"author":[{"embeddable":true,"href":"https:\/\/www.utzac.edu.mx\/index.php?rest_route=\/wp\/v2\/users\/8"}],"replies":[{"embeddable":true,"href":"https:\/\/www.utzac.edu.mx\/index.php?rest_route=%2Fwp%2Fv2%2Fcomments&post=12906"}],"version-history":[{"count":0,"href":"https:\/\/www.utzac.edu.mx\/index.php?rest_route=\/wp\/v2\/posts\/12906\/revisions"}],"wp:featuredmedia":[{"embeddable":true,"href":"https:\/\/www.utzac.edu.mx\/index.php?rest_route=\/wp\/v2\/media\/12907"}],"wp:attachment":[{"href":"https:\/\/www.utzac.edu.mx\/index.php?rest_route=%2Fwp%2Fv2%2Fmedia&parent=12906"}],"wp:term":[{"taxonomy":"category","embeddable":true,"href":"https:\/\/www.utzac.edu.mx\/index.php?rest_route=%2Fwp%2Fv2%2Fcategories&post=12906"},{"taxonomy":"post_tag","embeddable":true,"href":"https:\/\/www.utzac.edu.mx\/index.php?rest_route=%2Fwp%2Fv2%2Ftags&post=12906"}],"curies":[{"name":"wp","href":"https:\/\/api.w.org\/{rel}","templated":true}]}}