{"id":12584,"date":"2021-11-09T09:34:12","date_gmt":"2021-11-09T15:34:12","guid":{"rendered":"http:\/\/www.utzac.edu.mx\/?p=12584"},"modified":"2021-11-16T11:50:33","modified_gmt":"2021-11-16T17:50:33","slug":"12584","status":"publish","type":"post","link":"https:\/\/www.utzac.edu.mx\/?p=12584","title":{"rendered":"Nombramiento Rector"},"content":{"rendered":"<p style=\"text-align: justify;\">Este 12 de noviembre la Secretaria de Educaci\u00f3n Mtra. Maribel Villalpando Haro, present\u00f3 en la Universidad Tecnol\u00f3gica del Estado de Zacatecas (UTZAC) como nuevo Rector al M. en N. Gonzalo Franco Gardu\u00f1o. <br \/>\nEmanado de la misma instituci\u00f3n educativa, el Mtro. Franco agradeci\u00f3 al Sr. Gobernador, Lic. David Monreal \u00c1vila, la confianza depositada en \u00e9l para encaminar a la UTZAC a ser una de las mejores Universidades Tecnol\u00f3gicas del pa\u00eds, y de esta manera atender a la poblaci\u00f3n zacatecana con programas de calidad cumpliendo los objetivos educativos marcados por el nuevo gobierno. Agradeci\u00f3 tambi\u00e9n a la Mtra. Maribel Villalpando Haro, Secretaria de Educaci\u00f3n y a la Mtra. Gizel Liliana Llamas, Subsecretaria de Educaci\u00f3n Media y Superior y se comprometi\u00f3 a sumarse a trabajar en el proyecto educativo cuyo eje rector ser\u00e1 el Bienestar para Todos compartiendo la pol\u00edtica p\u00fablica de Educaci\u00f3n para una sociedad igualitaria y con identidad.<br \/>\nLa presentaci\u00f3n se hizo ante el personal directivo, administrativo y docente, quienes le desearon el mayor de los \u00e9xitos ante los retos que afronta nuestra casa de estudios.<\/p>\n<p><img decoding=\"async\" loading=\"lazy\" class=\"aligncenter wp-image-12608 size-large\" src=\"https:\/\/www.utzac.edu.mx\/wp-content\/uploads\/2021\/11\/WhatsApp-Image-2021-11-16-at-11.45.09-AM-1024x576.jpeg\" alt=\"\" width=\"1024\" height=\"576\" srcset=\"https:\/\/www.utzac.edu.mx\/wp-content\/uploads\/2021\/11\/WhatsApp-Image-2021-11-16-at-11.45.09-AM-1024x576.jpeg 1024w, https:\/\/www.utzac.edu.mx\/wp-content\/uploads\/2021\/11\/WhatsApp-Image-2021-11-16-at-11.45.09-AM-300x169.jpeg 300w, https:\/\/www.utzac.edu.mx\/wp-content\/uploads\/2021\/11\/WhatsApp-Image-2021-11-16-at-11.45.09-AM-768x432.jpeg 768w, https:\/\/www.utzac.edu.mx\/wp-content\/uploads\/2021\/11\/WhatsApp-Image-2021-11-16-at-11.45.09-AM-700x394.jpeg 700w, https:\/\/www.utzac.edu.mx\/wp-content\/uploads\/2021\/11\/WhatsApp-Image-2021-11-16-at-11.45.09-AM-600x338.jpeg 600w, https:\/\/www.utzac.edu.mx\/wp-content\/uploads\/2021\/11\/WhatsApp-Image-2021-11-16-at-11.45.09-AM.jpeg 1040w\" sizes=\"(max-width: 1024px) 100vw, 1024px\" \/><\/p>","protected":false},"excerpt":{"rendered":"<p>Este 12 de noviembre la Secretaria de Educaci\u00f3n Mtra. Maribel Villalpando Haro, present\u00f3 en la Universidad Tecnol\u00f3gica del Estado de Zacatecas (UTZAC) como nuevo Rector al M. en N. Gonzalo Franco Gardu\u00f1o. Emanado de la misma instituci\u00f3n educativa, el Mtro. Franco agradeci\u00f3 al Sr. Gobernador, Lic. David Monreal \u00c1vila, la confianza depositada en \u00e9l para [&hellip;]<\/p>\n","protected":false},"author":8,"featured_media":12607,"comment_status":"closed","ping_status":"open","sticky":false,"template":"","format":"standard","meta":[],"categories":[154],"tags":[],"_links":{"self":[{"href":"https:\/\/www.utzac.edu.mx\/index.php?rest_route=\/wp\/v2\/posts\/12584"}],"collection":[{"href":"https:\/\/www.utzac.edu.mx\/index.php?rest_route=\/wp\/v2\/posts"}],"about":[{"href":"https:\/\/www.utzac.edu.mx\/index.php?rest_route=\/wp\/v2\/types\/post"}],"author":[{"embeddable":true,"href":"https:\/\/www.utzac.edu.mx\/index.php?rest_route=\/wp\/v2\/users\/8"}],"replies":[{"embeddable":true,"href":"https:\/\/www.utzac.edu.mx\/index.php?rest_route=%2Fwp%2Fv2%2Fcomments&post=12584"}],"version-history":[{"count":0,"href":"https:\/\/www.utzac.edu.mx\/index.php?rest_route=\/wp\/v2\/posts\/12584\/revisions"}],"wp:featuredmedia":[{"embeddable":true,"href":"https:\/\/www.utzac.edu.mx\/index.php?rest_route=\/wp\/v2\/media\/12607"}],"wp:attachment":[{"href":"https:\/\/www.utzac.edu.mx\/index.php?rest_route=%2Fwp%2Fv2%2Fmedia&parent=12584"}],"wp:term":[{"taxonomy":"category","embeddable":true,"href":"https:\/\/www.utzac.edu.mx\/index.php?rest_route=%2Fwp%2Fv2%2Fcategories&post=12584"},{"taxonomy":"post_tag","embeddable":true,"href":"https:\/\/www.utzac.edu.mx\/index.php?rest_route=%2Fwp%2Fv2%2Ftags&post=12584"}],"curies":[{"name":"wp","href":"https:\/\/api.w.org\/{rel}","templated":true}]}}