{"id":12367,"date":"2021-08-18T18:56:45","date_gmt":"2021-08-18T23:56:45","guid":{"rendered":"http:\/\/www.utzac.edu.mx\/?p=12367"},"modified":"2021-08-18T18:56:45","modified_gmt":"2021-08-18T23:56:45","slug":"entrega-rectora-cedula-profesional","status":"publish","type":"post","link":"https:\/\/www.utzac.edu.mx\/?p=12367","title":{"rendered":"Entrega Rectora C\u00e9dula Profesional"},"content":{"rendered":"<p><a href=\"https:\/\/www.utzac.edu.mx\/wp-content\/uploads\/2021\/08\/WhatsApp-Image-2021-08-18-at-4.36.59-PM.jpeg\"><img decoding=\"async\" loading=\"lazy\" class=\"size-medium wp-image-12368 alignleft\" src=\"https:\/\/www.utzac.edu.mx\/wp-content\/uploads\/2021\/08\/WhatsApp-Image-2021-08-18-at-4.36.59-PM-225x300.jpeg\" alt=\"\" width=\"225\" height=\"300\" srcset=\"https:\/\/www.utzac.edu.mx\/wp-content\/uploads\/2021\/08\/WhatsApp-Image-2021-08-18-at-4.36.59-PM-225x300.jpeg 225w, https:\/\/www.utzac.edu.mx\/wp-content\/uploads\/2021\/08\/WhatsApp-Image-2021-08-18-at-4.36.59-PM-768x1024.jpeg 768w, https:\/\/www.utzac.edu.mx\/wp-content\/uploads\/2021\/08\/WhatsApp-Image-2021-08-18-at-4.36.59-PM-700x933.jpeg 700w, https:\/\/www.utzac.edu.mx\/wp-content\/uploads\/2021\/08\/WhatsApp-Image-2021-08-18-at-4.36.59-PM-600x800.jpeg 600w, https:\/\/www.utzac.edu.mx\/wp-content\/uploads\/2021\/08\/WhatsApp-Image-2021-08-18-at-4.36.59-PM.jpeg 960w\" sizes=\"(max-width: 225px) 100vw, 225px\" \/><\/a><\/p>\n<p style=\"text-align: justify;\">La Rectora de la Universidad Tecnol\u00f3gica del Estado de Zacatecas entreg\u00f3 la tarde de este mi\u00e9rcoles la primera de muchas c\u00e9dulas profesionales que ser\u00e1n entregadas en los pr\u00f3ximos d\u00edas y que por diversas razones se hab\u00eda retrasado su entrega.<\/p>\n<p style=\"text-align: justify;\">C\u00e9dula Profesional del Ingeniero en Mecatr\u00f3nica, William Casta\u00f1eda Almar\u00e1z que avala sus estudios profesionales en esta Universidad.<\/p>\n<p style=\"text-align: justify;\">Con el evento de esta tarde se inicia con el proceso de entrega de c\u00e9dulas que da certidumbre a los egresados de la UTZAC de contar con un documento que les permita ejercer su carrera en el \u00e1mbito laboral.<\/p>\n<p>&nbsp;<\/p>\n<p>&nbsp;<\/p>","protected":false},"excerpt":{"rendered":"<p>La Rectora de la Universidad Tecnol\u00f3gica del Estado de Zacatecas entreg\u00f3 la tarde de este mi\u00e9rcoles la primera de muchas c\u00e9dulas profesionales que ser\u00e1n entregadas en los pr\u00f3ximos d\u00edas y que por diversas razones se hab\u00eda retrasado su entrega. C\u00e9dula Profesional del Ingeniero en Mecatr\u00f3nica, William Casta\u00f1eda Almar\u00e1z que avala sus estudios profesionales en esta [&hellip;]<\/p>\n","protected":false},"author":8,"featured_media":12369,"comment_status":"closed","ping_status":"open","sticky":false,"template":"","format":"standard","meta":[],"categories":[154],"tags":[],"_links":{"self":[{"href":"https:\/\/www.utzac.edu.mx\/index.php?rest_route=\/wp\/v2\/posts\/12367"}],"collection":[{"href":"https:\/\/www.utzac.edu.mx\/index.php?rest_route=\/wp\/v2\/posts"}],"about":[{"href":"https:\/\/www.utzac.edu.mx\/index.php?rest_route=\/wp\/v2\/types\/post"}],"author":[{"embeddable":true,"href":"https:\/\/www.utzac.edu.mx\/index.php?rest_route=\/wp\/v2\/users\/8"}],"replies":[{"embeddable":true,"href":"https:\/\/www.utzac.edu.mx\/index.php?rest_route=%2Fwp%2Fv2%2Fcomments&post=12367"}],"version-history":[{"count":0,"href":"https:\/\/www.utzac.edu.mx\/index.php?rest_route=\/wp\/v2\/posts\/12367\/revisions"}],"wp:featuredmedia":[{"embeddable":true,"href":"https:\/\/www.utzac.edu.mx\/index.php?rest_route=\/wp\/v2\/media\/12369"}],"wp:attachment":[{"href":"https:\/\/www.utzac.edu.mx\/index.php?rest_route=%2Fwp%2Fv2%2Fmedia&parent=12367"}],"wp:term":[{"taxonomy":"category","embeddable":true,"href":"https:\/\/www.utzac.edu.mx\/index.php?rest_route=%2Fwp%2Fv2%2Fcategories&post=12367"},{"taxonomy":"post_tag","embeddable":true,"href":"https:\/\/www.utzac.edu.mx\/index.php?rest_route=%2Fwp%2Fv2%2Ftags&post=12367"}],"curies":[{"name":"wp","href":"https:\/\/api.w.org\/{rel}","templated":true}]}}