{"id":10785,"date":"2019-05-15T08:09:11","date_gmt":"2019-05-15T13:09:11","guid":{"rendered":"http:\/\/www.utzac.edu.mx\/?p=10785"},"modified":"2019-05-15T08:09:11","modified_gmt":"2019-05-15T13:09:11","slug":"concurso-estatal-de-oratoria","status":"publish","type":"post","link":"https:\/\/www.utzac.edu.mx\/?p=10785","title":{"rendered":"CONCURSO ESTATAL DE ORATORIA"},"content":{"rendered":"<p style=\"text-align: justify;\">El Gran Diario de M\u00e9xico, la Fundaci\u00f3n Ealy Ortiz y la Asociaci\u00f3n Civil Di\u00e1logos, convocan a las juventudes zacatecanas a participar en el Concurso Nacional de Oratoria del peri\u00f3dico El Universal.\u00a0<\/p>\n<p>Conoce las bases y reg\u00edstrate en el siguiente link:\u00a0<\/p>\n<p><a dir=\"ltr\" href=\"http:\/\/www.mexicodialogos.org.mx\/cno2019-zacatecas\" target=\"_blank\" rel=\"noopener\" data-saferedirecturl=\"https:\/\/www.google.com\/url?q=http:\/\/www.mexicodialogos.org.mx\/cno2019-zacatecas&amp;source=gmail&amp;ust=1558011733113000&amp;usg=AFQjCNGQ5cvveMX-a07LVzxbB2LYyqkp7A\">www.mexicodialogos.org.mx\/<wbr \/>cno2019-zacatecas<\/a><\/p>\n<p>&nbsp;<\/p>\n<p><a href=\"https:\/\/www.utzac.edu.mx\/wp-content\/uploads\/2019\/05\/image1-1.png\" target=\"_blank\" rel=\"noopener\"><img decoding=\"async\" loading=\"lazy\" class=\"aligncenter wp-image-10786 size-medium\" src=\"https:\/\/www.utzac.edu.mx\/wp-content\/uploads\/2019\/05\/image1-1-300x251.png\" alt=\"\" width=\"300\" height=\"251\" srcset=\"https:\/\/www.utzac.edu.mx\/wp-content\/uploads\/2019\/05\/image1-1-300x251.png 300w, https:\/\/www.utzac.edu.mx\/wp-content\/uploads\/2019\/05\/image1-1-768x644.png 768w, https:\/\/www.utzac.edu.mx\/wp-content\/uploads\/2019\/05\/image1-1-700x587.png 700w, https:\/\/www.utzac.edu.mx\/wp-content\/uploads\/2019\/05\/image1-1-600x503.png 600w, https:\/\/www.utzac.edu.mx\/wp-content\/uploads\/2019\/05\/image1-1.png 940w\" sizes=\"(max-width: 300px) 100vw, 300px\" \/><\/a><\/p>","protected":false},"excerpt":{"rendered":"<p>El Gran Diario de M\u00e9xico, la Fundaci\u00f3n Ealy Ortiz y la Asociaci\u00f3n Civil Di\u00e1logos, convocan a las juventudes zacatecanas a participar en el Concurso Nacional de Oratoria del peri\u00f3dico El Universal.\u00a0 Conoce las bases y reg\u00edstrate en el siguiente link:\u00a0 www.mexicodialogos.org.mx\/cno2019-zacatecas &nbsp;<\/p>\n","protected":false},"author":8,"featured_media":10786,"comment_status":"closed","ping_status":"open","sticky":false,"template":"","format":"standard","meta":[],"categories":[158,154],"tags":[],"_links":{"self":[{"href":"https:\/\/www.utzac.edu.mx\/index.php?rest_route=\/wp\/v2\/posts\/10785"}],"collection":[{"href":"https:\/\/www.utzac.edu.mx\/index.php?rest_route=\/wp\/v2\/posts"}],"about":[{"href":"https:\/\/www.utzac.edu.mx\/index.php?rest_route=\/wp\/v2\/types\/post"}],"author":[{"embeddable":true,"href":"https:\/\/www.utzac.edu.mx\/index.php?rest_route=\/wp\/v2\/users\/8"}],"replies":[{"embeddable":true,"href":"https:\/\/www.utzac.edu.mx\/index.php?rest_route=%2Fwp%2Fv2%2Fcomments&post=10785"}],"version-history":[{"count":0,"href":"https:\/\/www.utzac.edu.mx\/index.php?rest_route=\/wp\/v2\/posts\/10785\/revisions"}],"wp:featuredmedia":[{"embeddable":true,"href":"https:\/\/www.utzac.edu.mx\/index.php?rest_route=\/wp\/v2\/media\/10786"}],"wp:attachment":[{"href":"https:\/\/www.utzac.edu.mx\/index.php?rest_route=%2Fwp%2Fv2%2Fmedia&parent=10785"}],"wp:term":[{"taxonomy":"category","embeddable":true,"href":"https:\/\/www.utzac.edu.mx\/index.php?rest_route=%2Fwp%2Fv2%2Fcategories&post=10785"},{"taxonomy":"post_tag","embeddable":true,"href":"https:\/\/www.utzac.edu.mx\/index.php?rest_route=%2Fwp%2Fv2%2Ftags&post=10785"}],"curies":[{"name":"wp","href":"https:\/\/api.w.org\/{rel}","templated":true}]}}