{"id":10614,"date":"2019-02-12T16:42:52","date_gmt":"2019-02-12T22:42:52","guid":{"rendered":"http:\/\/www.utzac.edu.mx\/?p=10614"},"modified":"2019-02-12T18:58:48","modified_gmt":"2019-02-13T00:58:48","slug":"aprende-frances-en-la-utzac","status":"publish","type":"post","link":"https:\/\/www.utzac.edu.mx\/?p=10614","title":{"rendered":"Aprende franc\u00e9s en la UTZAC"},"content":{"rendered":"<p>El Centro de Idiomas de la Universidad Tecnol\u00f3gica del Estado de Zacatecas invita a los estudiantes de cualquiera de nuestros diez programas acad\u00e9micos a que se inscriban al curso de franc\u00e9s ya sea entre semana, martes y jueves\u00a0 de 15:00 a 17:00 horas o bien los s\u00e1bados de 11:00 a 14:00 horas.\u00a0<\/p>\n<p>Inicio de cursos el martes 19 de febrero a las 15:00 horas y el s\u00e1bado 23 de febrero a las 11:00 horas.<\/p>\n<p>Mayores informes en el Centro de Idiomas de la UTZAC con la Maestra Ana Lorena Ram\u00edrez, Edificio E, planta baja, o en el correo <a href=\"mailto:aramirez@utzac.edu.mx\">aramirez@utzac.edu.mx<\/a>.<\/p>\n<p>Aprovecha esta gran oportunidad sin costo para nuestra comunidad estudiantil.\u00a0<\/p>\n<p>&nbsp;<\/p>\n<p>Guadalupe, Zacatecas; \u00a0a 12 de febrero de 2019.<\/p>\n<p><a href=\"https:\/\/www.utzac.edu.mx\/wp-content\/uploads\/2019\/02\/Pr\u00f3ximo-Inicio-de-Clases-de-Franc\u00e9s.jpg\"><img decoding=\"async\" loading=\"lazy\" class=\"size-medium wp-image-10616 alignleft\" src=\"https:\/\/www.utzac.edu.mx\/wp-content\/uploads\/2019\/02\/Pr\u00f3ximo-Inicio-de-Clases-de-Franc\u00e9s-300x225.jpg\" alt=\"\" width=\"300\" height=\"225\" srcset=\"https:\/\/www.utzac.edu.mx\/wp-content\/uploads\/2019\/02\/Pr\u00f3ximo-Inicio-de-Clases-de-Franc\u00e9s-300x225.jpg 300w, https:\/\/www.utzac.edu.mx\/wp-content\/uploads\/2019\/02\/Pr\u00f3ximo-Inicio-de-Clases-de-Franc\u00e9s-768x576.jpg 768w, https:\/\/www.utzac.edu.mx\/wp-content\/uploads\/2019\/02\/Pr\u00f3ximo-Inicio-de-Clases-de-Franc\u00e9s-700x525.jpg 700w, https:\/\/www.utzac.edu.mx\/wp-content\/uploads\/2019\/02\/Pr\u00f3ximo-Inicio-de-Clases-de-Franc\u00e9s-600x450.jpg 600w, https:\/\/www.utzac.edu.mx\/wp-content\/uploads\/2019\/02\/Pr\u00f3ximo-Inicio-de-Clases-de-Franc\u00e9s.jpg 960w\" sizes=\"(max-width: 300px) 100vw, 300px\" \/><\/a><\/p>","protected":false},"excerpt":{"rendered":"<p>El Centro de Idiomas de la Universidad Tecnol\u00f3gica del Estado de Zacatecas invita a los estudiantes de cualquiera de nuestros diez programas acad\u00e9micos a que se inscriban al curso de franc\u00e9s ya sea entre semana, martes y jueves\u00a0 de 15:00 a 17:00 horas o bien los s\u00e1bados de 11:00 a 14:00 horas.\u00a0 Inicio de cursos [&hellip;]<\/p>\n","protected":false},"author":8,"featured_media":10622,"comment_status":"closed","ping_status":"open","sticky":false,"template":"","format":"standard","meta":[],"categories":[154,161],"tags":[],"_links":{"self":[{"href":"https:\/\/www.utzac.edu.mx\/index.php?rest_route=\/wp\/v2\/posts\/10614"}],"collection":[{"href":"https:\/\/www.utzac.edu.mx\/index.php?rest_route=\/wp\/v2\/posts"}],"about":[{"href":"https:\/\/www.utzac.edu.mx\/index.php?rest_route=\/wp\/v2\/types\/post"}],"author":[{"embeddable":true,"href":"https:\/\/www.utzac.edu.mx\/index.php?rest_route=\/wp\/v2\/users\/8"}],"replies":[{"embeddable":true,"href":"https:\/\/www.utzac.edu.mx\/index.php?rest_route=%2Fwp%2Fv2%2Fcomments&post=10614"}],"version-history":[{"count":0,"href":"https:\/\/www.utzac.edu.mx\/index.php?rest_route=\/wp\/v2\/posts\/10614\/revisions"}],"wp:featuredmedia":[{"embeddable":true,"href":"https:\/\/www.utzac.edu.mx\/index.php?rest_route=\/wp\/v2\/media\/10622"}],"wp:attachment":[{"href":"https:\/\/www.utzac.edu.mx\/index.php?rest_route=%2Fwp%2Fv2%2Fmedia&parent=10614"}],"wp:term":[{"taxonomy":"category","embeddable":true,"href":"https:\/\/www.utzac.edu.mx\/index.php?rest_route=%2Fwp%2Fv2%2Fcategories&post=10614"},{"taxonomy":"post_tag","embeddable":true,"href":"https:\/\/www.utzac.edu.mx\/index.php?rest_route=%2Fwp%2Fv2%2Ftags&post=10614"}],"curies":[{"name":"wp","href":"https:\/\/api.w.org\/{rel}","templated":true}]}}