{"id":10419,"date":"2018-12-05T12:51:26","date_gmt":"2018-12-05T18:51:26","guid":{"rendered":"http:\/\/www.utzac.edu.mx\/?p=10419"},"modified":"2018-12-05T12:51:26","modified_gmt":"2018-12-05T18:51:26","slug":"segundo-lugar-nacional-para-ignacio-trejo-en-concurso-de-oratoria-de-la-unam","status":"publish","type":"post","link":"https:\/\/www.utzac.edu.mx\/?p=10419","title":{"rendered":"Segundo lugar nacional para Ignacio Trejo en concurso de oratoria de la UNAM"},"content":{"rendered":"<p style=\"text-align: justify;\">Con un segundo lugar a nivel nacional regres\u00f3 Jos\u00e9 Ignacio Trejo Ch\u00e1irez, estudiante del noveno cuatrimestre de la carrera de Miner\u00eda de la Universidad Tecnol\u00f3gica del Estado de Zacatecas, tras participar en el concurso de oratoria organizado por la Universidad Nacional Aut\u00f3noma de M\u00e9xico.<\/p>\n<p style=\"text-align: justify;\">\u00a0El estudiante de la UTZAC logr\u00f3 su boleto al encuentro de oratoria de la m\u00e1xima casa de estudios de nuestro pa\u00eds al haber obtenido el primer lugar estatal en el Concurso Nacional de Oratoria y Debate P\u00fablico organizado por El Universal, diario de circulaci\u00f3n Nacional.<\/p>\n<p style=\"text-align: justify;\">Durante el evento realizado en la Facultad de Estudios Superiores Cuautitl\u00e1n, en el Estado de M\u00e9xico, Jos\u00e9 Ignacio Trejo enfrent\u00f3 a los mejores oradores del pa\u00eds, quienes en la primera ronda eligieron uno de los 16 temas hist\u00f3ricos establecidos previamente y donde el zacatecano seleccion\u00f3 \u201cEl grito de Dolores, el primer paso hacia la libertad de un pa\u00eds\u201d, con tan buena exposici\u00f3n que le permiti\u00f3 acceder a la segunda ronda.<\/p>\n<p style=\"text-align: justify;\">\u00a0Concurso que se desarroll\u00f3 en tres rondas, tema preparado, tema improvisado y debate presidencial.<\/p>\n<p style=\"text-align: justify;\">\u00a0Ya en la segunda ronda el tema improvisado fueron \u201cLas culturas\u201d, donde a decir del propio Jos\u00e9 Ignacio \u201ccorr\u00ed con suerte pues me toc\u00f3 hablar de la cultura china que es muy conocida\u201d, con tan buena exposici\u00f3n que accedi\u00f3 a la ronda final en segundo lugar.<\/p>\n<p style=\"text-align: justify;\">\u00a0Ronda final a la que \u00fanicamente calificaron tres personas y en donde se debatieron tras temas que definir\u00edan al campe\u00f3n. El primer tema fue \u00bfQui\u00e9n ha sido el mejor presidente de M\u00e9xico? \u201cque considero es un tema muy subjetivo, pues todos han tenido cosas buenas y cosas malas; pero a la hora de inclinarme por uno desarroll\u00e9 la idea de que fue Porfirio D\u00edaz, m\u00e1s por la parte buena que hizo, que por lo que la historia nos relata\u201d, se\u00f1al\u00f3 el estudiante de la UTZAC.<\/p>\n<p style=\"text-align: justify;\">El segundo tema fue \u201cLa construcci\u00f3n del tren maya\u201d, donde a Jos\u00e9 Ignacio no le toc\u00f3 desarrollar la idea, sino defenderla, exponiendo como argumento \u201cque a diferencia de una refiner\u00eda, que era la postura del otro contrincante, el tren no da\u00f1an tanto el ecosistema y estudios de impacto ambiental lo pueden demostrar\u201d.<\/p>\n<p style=\"text-align: justify;\">Para la ronda final el tema fue \u201cEl nuevo aeropuerto de la Ciudad de M\u00e9xico\u201d, en el que tuvo que exponer si lo mejor era realizarlo en Texcoco o Santa Luc\u00eda, a lo que nuestro representante seleccion\u00f3 la \u00faltima opci\u00f3n, \u201cpues la gente no estaba conforme con la idea de Texcoco al haber sido un lago, que adem\u00e1s del tema ambiental, tiene terreno inestable y que conlleva muchos peligros como hundimiento de la pista o inundaciones, por lo que no era la mejor opci\u00f3n\u201d.<\/p>\n<p style=\"text-align: justify;\">Una vez terminadas las participaciones y tras deliberar, los jueces le dieron el segundo lugar, siendo la primera posici\u00f3n para un estudiante de la Facultad de Filosof\u00eda y Letras de la UNAM, quien super\u00f3 a Jos\u00e9 Ignacio por dos puntos.<\/p>\n<p>\u00a0\u201cLa final estuvo muy cerrada, yo siento que debat\u00ed muy bien, as\u00ed que estoy feliz con el resultado\u201d concluy\u00f3 el estudiante de Miner\u00eda de la UTZAC, que ya prepara el 2019 con el objetivo de ganar el regional de Universidades Tecnol\u00f3gicas y representar a su alma mater a nivel nacional.<\/p>\n<p style=\"text-align: right;\">Guadalupe, Zacatecas; a 5 de diciembre de 2018.<\/p>\n<p style=\"text-align: right;\">\n<p style=\"text-align: center;\">\n<p style=\"text-align: center;\">\n<p style=\"text-align: center;\"><a href=\"https:\/\/www.utzac.edu.mx\/wp-content\/uploads\/2018\/12\/Nacho4.jpg\" target=\"_blank\"><img decoding=\"async\" loading=\"lazy\" class=\"aligncenter wp-image-10423 size-medium\" src=\"https:\/\/www.utzac.edu.mx\/wp-content\/uploads\/2018\/12\/Nacho4-300x200.jpg\" alt=\"Nacho4\" width=\"300\" height=\"200\" srcset=\"https:\/\/www.utzac.edu.mx\/wp-content\/uploads\/2018\/12\/Nacho4-300x200.jpg 300w, https:\/\/www.utzac.edu.mx\/wp-content\/uploads\/2018\/12\/Nacho4.jpg 437w\" sizes=\"(max-width: 300px) 100vw, 300px\" \/><\/a> <a href=\"https:\/\/www.utzac.edu.mx\/wp-content\/uploads\/2018\/12\/Nacho3.jpg\" target=\"_blank\"><img decoding=\"async\" loading=\"lazy\" class=\"aligncenter wp-image-10422 size-medium\" src=\"https:\/\/www.utzac.edu.mx\/wp-content\/uploads\/2018\/12\/Nacho3-300x200.jpg\" alt=\"Nacho3\" width=\"300\" height=\"200\" srcset=\"https:\/\/www.utzac.edu.mx\/wp-content\/uploads\/2018\/12\/Nacho3-300x200.jpg 300w, https:\/\/www.utzac.edu.mx\/wp-content\/uploads\/2018\/12\/Nacho3.jpg 402w\" sizes=\"(max-width: 300px) 100vw, 300px\" \/><\/a> <a href=\"https:\/\/www.utzac.edu.mx\/wp-content\/uploads\/2018\/12\/Nacho2.jpg\" target=\"_blank\"><img decoding=\"async\" loading=\"lazy\" class=\"aligncenter wp-image-10421 size-medium\" src=\"https:\/\/www.utzac.edu.mx\/wp-content\/uploads\/2018\/12\/Nacho2-300x200.jpg\" alt=\"Nacho2\" width=\"300\" height=\"200\" srcset=\"https:\/\/www.utzac.edu.mx\/wp-content\/uploads\/2018\/12\/Nacho2-300x200.jpg 300w, https:\/\/www.utzac.edu.mx\/wp-content\/uploads\/2018\/12\/Nacho2-700x467.jpg 700w, https:\/\/www.utzac.edu.mx\/wp-content\/uploads\/2018\/12\/Nacho2.jpg 912w\" sizes=\"(max-width: 300px) 100vw, 300px\" \/><\/a> <a href=\"https:\/\/www.utzac.edu.mx\/wp-content\/uploads\/2018\/12\/Nacho5.jpg\" target=\"_blank\"><img decoding=\"async\" loading=\"lazy\" class=\"aligncenter wp-image-10424 size-medium\" src=\"https:\/\/www.utzac.edu.mx\/wp-content\/uploads\/2018\/12\/Nacho5-300x200.jpg\" alt=\"Nacho5\" width=\"300\" height=\"200\" srcset=\"https:\/\/www.utzac.edu.mx\/wp-content\/uploads\/2018\/12\/Nacho5-300x200.jpg 300w, https:\/\/www.utzac.edu.mx\/wp-content\/uploads\/2018\/12\/Nacho5-700x467.jpg 700w, https:\/\/www.utzac.edu.mx\/wp-content\/uploads\/2018\/12\/Nacho5.jpg 912w\" sizes=\"(max-width: 300px) 100vw, 300px\" \/><\/a> <a href=\"https:\/\/www.utzac.edu.mx\/wp-content\/uploads\/2018\/12\/Nacho1.jpg\" target=\"_blank\"><img decoding=\"async\" loading=\"lazy\" class=\"aligncenter wp-image-10420 size-medium\" src=\"https:\/\/www.utzac.edu.mx\/wp-content\/uploads\/2018\/12\/Nacho1-300x200.jpg\" alt=\"Nacho1\" width=\"300\" height=\"200\" srcset=\"https:\/\/www.utzac.edu.mx\/wp-content\/uploads\/2018\/12\/Nacho1-300x200.jpg 300w, https:\/\/www.utzac.edu.mx\/wp-content\/uploads\/2018\/12\/Nacho1-700x467.jpg 700w, https:\/\/www.utzac.edu.mx\/wp-content\/uploads\/2018\/12\/Nacho1.jpg 912w\" sizes=\"(max-width: 300px) 100vw, 300px\" \/><\/a><\/p>\n","protected":false},"excerpt":{"rendered":"<p>Con un segundo lugar a nivel nacional regres\u00f3 Jos\u00e9 Ignacio Trejo Ch\u00e1irez, estudiante del noveno cuatrimestre de la carrera de Miner\u00eda de la Universidad Tecnol\u00f3gica del Estado de Zacatecas, tras participar en el concurso de oratoria organizado por la Universidad Nacional Aut\u00f3noma de M\u00e9xico. \u00a0El estudiante de la UTZAC logr\u00f3 su boleto al encuentro de [&hellip;]<\/p>\n","protected":false},"author":8,"featured_media":10420,"comment_status":"closed","ping_status":"open","sticky":false,"template":"","format":"standard","meta":[],"categories":[158,154],"tags":[],"_links":{"self":[{"href":"https:\/\/www.utzac.edu.mx\/index.php?rest_route=\/wp\/v2\/posts\/10419"}],"collection":[{"href":"https:\/\/www.utzac.edu.mx\/index.php?rest_route=\/wp\/v2\/posts"}],"about":[{"href":"https:\/\/www.utzac.edu.mx\/index.php?rest_route=\/wp\/v2\/types\/post"}],"author":[{"embeddable":true,"href":"https:\/\/www.utzac.edu.mx\/index.php?rest_route=\/wp\/v2\/users\/8"}],"replies":[{"embeddable":true,"href":"https:\/\/www.utzac.edu.mx\/index.php?rest_route=%2Fwp%2Fv2%2Fcomments&post=10419"}],"version-history":[{"count":0,"href":"https:\/\/www.utzac.edu.mx\/index.php?rest_route=\/wp\/v2\/posts\/10419\/revisions"}],"wp:featuredmedia":[{"embeddable":true,"href":"https:\/\/www.utzac.edu.mx\/index.php?rest_route=\/wp\/v2\/media\/10420"}],"wp:attachment":[{"href":"https:\/\/www.utzac.edu.mx\/index.php?rest_route=%2Fwp%2Fv2%2Fmedia&parent=10419"}],"wp:term":[{"taxonomy":"category","embeddable":true,"href":"https:\/\/www.utzac.edu.mx\/index.php?rest_route=%2Fwp%2Fv2%2Fcategories&post=10419"},{"taxonomy":"post_tag","embeddable":true,"href":"https:\/\/www.utzac.edu.mx\/index.php?rest_route=%2Fwp%2Fv2%2Ftags&post=10419"}],"curies":[{"name":"wp","href":"https:\/\/api.w.org\/{rel}","templated":true}]}}